{"id":1486,"date":"2016-12-01T20:17:17","date_gmt":"2016-12-01T20:17:17","guid":{"rendered":"http:\/\/www.celticexperience.net\/de\/?p=1486"},"modified":"2017-03-02T10:20:03","modified_gmt":"2017-03-02T10:20:03","slug":"songs-and-stories-for-peace-und-geschichte-des-konflikts-und-friedensprozesses-in-nordirland-28-januar-2017","status":"publish","type":"post","link":"https:\/\/www.celticexperience.net\/de\/songs-and-stories-for-peace-und-geschichte-des-konflikts-und-friedensprozesses-in-nordirland-28-januar-2017\/","title":{"rendered":"SONGS AND STORIES FOR PEACE\/GESCHICHTE DES KONFLIKTS UND FRIEDENSPROZESSES IN NORDIRLAND: 28.1.2017"},"content":{"rendered":"<p>[vc_row][vc_column][vc_row_inner][vc_column_inner][\/vc_column_inner][\/vc_row_inner][\/vc_column][vc_column][\/vc_column][\/vc_row][vc_row][vc_column][\/vc_column][\/vc_row]<\/p>\n<p>14.00 &#8211; 17.30 Uhr: <strong>Referat<\/strong> mit Elizabeth Zollinger<br \/>\n<strong>Gespr\u00e4ch und Diskussion<\/strong> mit Liz Weir und Colum Sands<br \/>\n<strong>Film und Bilder<\/strong> der Nordirlandreise 2016<br \/>\n<strong>im Kulturhaus Helferei in Z\u00fcrich,<\/strong> beim Grossm\u00fcnster<\/p>\n<p>19.30 &#8211; 21.30 Uhr: <strong>Songs and Stories for Peace<\/strong> mit Liz Weir und Colum Sands<br \/>\n<strong>im Saal des Zentrums Karl der Grosse in Z\u00fcrich<\/strong> (beim Grossm\u00fcnster)<\/p>\n<p><a href=\"https:\/\/www.celticexperience.net\/de\/wp-content\/uploads\/2016\/11\/Liz-at-half-door-3.jpg\"><img loading=\"lazy\" class=\"alignnone wp-image-1454\" src=\"https:\/\/www.celticexperience.net\/de\/wp-content\/uploads\/2016\/11\/Liz-at-half-door-3-286x300.jpg\" alt=\"Liz Weir storytelling\" width=\"204\" height=\"214\" srcset=\"https:\/\/www.celticexperience.net\/de\/wp-content\/uploads\/2016\/11\/Liz-at-half-door-3-286x300.jpg 286w, https:\/\/www.celticexperience.net\/de\/wp-content\/uploads\/2016\/11\/Liz-at-half-door-3-768x807.jpg 768w, https:\/\/www.celticexperience.net\/de\/wp-content\/uploads\/2016\/11\/Liz-at-half-door-3-975x1024.jpg 975w, https:\/\/www.celticexperience.net\/de\/wp-content\/uploads\/2016\/11\/Liz-at-half-door-3-731x768.jpg 731w, https:\/\/www.celticexperience.net\/de\/wp-content\/uploads\/2016\/11\/Liz-at-half-door-3.jpg 1088w\" sizes=\"(max-width: 204px) 100vw, 204px\" \/><\/a><a href=\"https:\/\/www.celticexperience.net\/de\/wp-content\/uploads\/2016\/11\/Colum-Sands-3.jpg\"><img loading=\"lazy\" class=\"alignnone wp-image-1453\" src=\"https:\/\/www.celticexperience.net\/de\/wp-content\/uploads\/2016\/11\/Colum-Sands-3-300x292.jpg\" alt=\"colum sands singer\" width=\"220\" height=\"214\" \/><\/a><a href=\"https:\/\/www.celticexperience.net\/de\/wp-content\/uploads\/2016\/11\/P1050111.jpg\"><img loading=\"lazy\" class=\"alignnone wp-image-1456\" src=\"https:\/\/www.celticexperience.net\/de\/wp-content\/uploads\/2016\/11\/P1050111-284x300.jpg\" alt=\"murals Derry\" width=\"202\" height=\"213\" srcset=\"https:\/\/www.celticexperience.net\/de\/wp-content\/uploads\/2016\/11\/P1050111-284x300.jpg 284w, https:\/\/www.celticexperience.net\/de\/wp-content\/uploads\/2016\/11\/P1050111-768x812.jpg 768w, https:\/\/www.celticexperience.net\/de\/wp-content\/uploads\/2016\/11\/P1050111-968x1024.jpg 968w, https:\/\/www.celticexperience.net\/de\/wp-content\/uploads\/2016\/11\/P1050111-726x768.jpg 726w, https:\/\/www.celticexperience.net\/de\/wp-content\/uploads\/2016\/11\/P1050111.jpg 1419w\" sizes=\"(max-width: 202px) 100vw, 202px\" \/><\/a><\/p>\n","protected":false},"excerpt":{"rendered":"<p>[vc_row][vc_column][vc_row_inner][vc_column_inner][\/vc_column_inner][\/vc_row_inner][\/vc_column][vc_column][\/vc_column][\/vc_row][vc_row][vc_column][\/vc_column][\/vc_row] 14.00 &#8211; 17.30 Uhr: Referat mit Elizabeth Zollinger Gespr\u00e4ch und Diskussion mit Liz Weir und Colum Sands Film und Bilder der Nordirlandreise 2016 im Kulturhaus Helferei in Z\u00fcrich, beim Grossm\u00fcnster 19.30 &#8211; 21.30 Uhr: Songs and Stories for Peace mit Liz Weir und Colum Sands im Saal des Zentrums Karl der Grosse in Z\u00fcrich<\/p>\n<div class=\"padding-top text-center\"><a href=\"https:\/\/www.celticexperience.net\/de\/songs-and-stories-for-peace-und-geschichte-des-konflikts-und-friedensprozesses-in-nordirland-28-januar-2017\/\" class=\"atbtn atbtn--medium atbtn--rounded atbtn--transparent\">Read more<i class=\"atbtn__icon atbtn__icon--right fa fa-long-arrow-right\"><\/i><\/a><\/div>\n","protected":false},"author":4,"featured_media":1432,"comment_status":"closed","ping_status":"open","sticky":false,"template":"","format":"standard","meta":[],"categories":[7],"tags":[],"yoast_head":"<!-- This site is optimized with the Yoast SEO plugin v17.5 - https:\/\/yoast.com\/wordpress\/plugins\/seo\/ -->\n<title>SONGS AND STORIES FOR PEACE\/GESCHICHTE DES KONFLIKTS UND FRIEDENSPROZESSES IN NORDIRLAND: 28.1.2017 - Celtic Spirit<\/title>\n<meta name=\"robots\" content=\"index, follow, max-snippet:-1, max-image-preview:large, max-video-preview:-1\" \/>\n<link rel=\"canonical\" href=\"https:\/\/www.celticexperience.net\/de\/songs-and-stories-for-peace-und-geschichte-des-konflikts-und-friedensprozesses-in-nordirland-28-januar-2017\/\" \/>\n<meta property=\"og:locale\" content=\"de_DE\" \/>\n<meta property=\"og:type\" content=\"article\" \/>\n<meta property=\"og:title\" content=\"SONGS AND STORIES FOR PEACE\/GESCHICHTE DES KONFLIKTS UND FRIEDENSPROZESSES IN NORDIRLAND: 28.1.2017 - Celtic Spirit\" \/>\n<meta property=\"og:description\" content=\"[vc_row][vc_column][vc_row_inner][vc_column_inner][\/vc_column_inner][\/vc_row_inner][\/vc_column][vc_column][\/vc_column][\/vc_row][vc_row][vc_column][\/vc_column][\/vc_row] 14.00 &#8211; 17.30 Uhr: Referat mit Elizabeth Zollinger Gespr\u00e4ch und Diskussion mit Liz Weir und Colum Sands Film und Bilder der Nordirlandreise 2016 im Kulturhaus Helferei in Z\u00fcrich, beim Grossm\u00fcnster 19.30 &#8211; 21.30 Uhr: Songs and Stories for Peace mit Liz Weir und Colum Sands im Saal des Zentrums Karl der Grosse in Z\u00fcrichRead more\" \/>\n<meta property=\"og:url\" content=\"https:\/\/www.celticexperience.net\/de\/songs-and-stories-for-peace-und-geschichte-des-konflikts-und-friedensprozesses-in-nordirland-28-januar-2017\/\" \/>\n<meta property=\"og:site_name\" content=\"Celtic Spirit\" \/>\n<meta property=\"article:published_time\" content=\"2016-12-01T20:17:17+00:00\" \/>\n<meta property=\"article:modified_time\" content=\"2017-03-02T10:20:03+00:00\" \/>\n<meta property=\"og:image\" content=\"https:\/\/www.celticexperience.net\/de\/wp-content\/uploads\/2016\/05\/P1050102_3.jpg\" \/>\n\t<meta property=\"og:image:width\" content=\"1000\" \/>\n\t<meta property=\"og:image:height\" content=\"539\" \/>\n<meta name=\"twitter:card\" content=\"summary\" \/>\n<meta name=\"twitter:label1\" content=\"Verfasst von\" \/>\n\t<meta name=\"twitter:data1\" content=\"Elizabeth Zollinger\" \/>\n<script type=\"application\/ld+json\" class=\"yoast-schema-graph\">{\"@context\":\"https:\/\/schema.org\",\"@graph\":[{\"@type\":\"WebSite\",\"@id\":\"https:\/\/www.celticexperience.net\/de\/#website\",\"url\":\"https:\/\/www.celticexperience.net\/de\/\",\"name\":\"Celtic Spirit\",\"description\":\"Irish Cultural Holidays\",\"potentialAction\":[{\"@type\":\"SearchAction\",\"target\":{\"@type\":\"EntryPoint\",\"urlTemplate\":\"https:\/\/www.celticexperience.net\/de\/?s={search_term_string}\"},\"query-input\":\"required name=search_term_string\"}],\"inLanguage\":\"de\"},{\"@type\":\"ImageObject\",\"@id\":\"https:\/\/www.celticexperience.net\/de\/songs-and-stories-for-peace-und-geschichte-des-konflikts-und-friedensprozesses-in-nordirland-28-januar-2017\/#primaryimage\",\"inLanguage\":\"de\",\"url\":\"https:\/\/www.celticexperience.net\/de\/wp-content\/uploads\/2016\/05\/P1050102_3.jpg\",\"contentUrl\":\"https:\/\/www.celticexperience.net\/de\/wp-content\/uploads\/2016\/05\/P1050102_3.jpg\",\"width\":1000,\"height\":539,\"caption\":\"Wandbild Belfast\"},{\"@type\":\"WebPage\",\"@id\":\"https:\/\/www.celticexperience.net\/de\/songs-and-stories-for-peace-und-geschichte-des-konflikts-und-friedensprozesses-in-nordirland-28-januar-2017\/#webpage\",\"url\":\"https:\/\/www.celticexperience.net\/de\/songs-and-stories-for-peace-und-geschichte-des-konflikts-und-friedensprozesses-in-nordirland-28-januar-2017\/\",\"name\":\"SONGS AND STORIES FOR PEACE\/GESCHICHTE DES KONFLIKTS UND FRIEDENSPROZESSES IN NORDIRLAND: 28.1.2017 - Celtic Spirit\",\"isPartOf\":{\"@id\":\"https:\/\/www.celticexperience.net\/de\/#website\"},\"primaryImageOfPage\":{\"@id\":\"https:\/\/www.celticexperience.net\/de\/songs-and-stories-for-peace-und-geschichte-des-konflikts-und-friedensprozesses-in-nordirland-28-januar-2017\/#primaryimage\"},\"datePublished\":\"2016-12-01T20:17:17+00:00\",\"dateModified\":\"2017-03-02T10:20:03+00:00\",\"author\":{\"@id\":\"https:\/\/www.celticexperience.net\/de\/#\/schema\/person\/3e8afd2d8695f6487d0682ec7b7c4497\"},\"breadcrumb\":{\"@id\":\"https:\/\/www.celticexperience.net\/de\/songs-and-stories-for-peace-und-geschichte-des-konflikts-und-friedensprozesses-in-nordirland-28-januar-2017\/#breadcrumb\"},\"inLanguage\":\"de\",\"potentialAction\":[{\"@type\":\"ReadAction\",\"target\":[\"https:\/\/www.celticexperience.net\/de\/songs-and-stories-for-peace-und-geschichte-des-konflikts-und-friedensprozesses-in-nordirland-28-januar-2017\/\"]}]},{\"@type\":\"BreadcrumbList\",\"@id\":\"https:\/\/www.celticexperience.net\/de\/songs-and-stories-for-peace-und-geschichte-des-konflikts-und-friedensprozesses-in-nordirland-28-januar-2017\/#breadcrumb\",\"itemListElement\":[{\"@type\":\"ListItem\",\"position\":1,\"name\":\"Home\",\"item\":\"https:\/\/www.celticexperience.net\/de\/\"},{\"@type\":\"ListItem\",\"position\":2,\"name\":\"SONGS AND STORIES FOR PEACE\/GESCHICHTE DES KONFLIKTS UND FRIEDENSPROZESSES IN NORDIRLAND: 28.1.2017\"}]},{\"@type\":\"Person\",\"@id\":\"https:\/\/www.celticexperience.net\/de\/#\/schema\/person\/3e8afd2d8695f6487d0682ec7b7c4497\",\"name\":\"Elizabeth Zollinger\",\"image\":{\"@type\":\"ImageObject\",\"@id\":\"https:\/\/www.celticexperience.net\/de\/#personlogo\",\"inLanguage\":\"de\",\"url\":\"https:\/\/secure.gravatar.com\/avatar\/1cf6045a7b1a4d89403e28c7b632558d?s=96&d=mm&r=g\",\"contentUrl\":\"https:\/\/secure.gravatar.com\/avatar\/1cf6045a7b1a4d89403e28c7b632558d?s=96&d=mm&r=g\",\"caption\":\"Elizabeth Zollinger\"},\"url\":\"https:\/\/www.celticexperience.net\/de\/author\/zersp\/\"}]}<\/script>\n<!-- \/ Yoast SEO plugin. -->","yoast_head_json":{"title":"SONGS AND STORIES FOR PEACE\/GESCHICHTE DES KONFLIKTS UND FRIEDENSPROZESSES IN NORDIRLAND: 28.1.2017 - Celtic Spirit","robots":{"index":"index","follow":"follow","max-snippet":"max-snippet:-1","max-image-preview":"max-image-preview:large","max-video-preview":"max-video-preview:-1"},"canonical":"https:\/\/www.celticexperience.net\/de\/songs-and-stories-for-peace-und-geschichte-des-konflikts-und-friedensprozesses-in-nordirland-28-januar-2017\/","og_locale":"de_DE","og_type":"article","og_title":"SONGS AND STORIES FOR PEACE\/GESCHICHTE DES KONFLIKTS UND FRIEDENSPROZESSES IN NORDIRLAND: 28.1.2017 - Celtic Spirit","og_description":"[vc_row][vc_column][vc_row_inner][vc_column_inner][\/vc_column_inner][\/vc_row_inner][\/vc_column][vc_column][\/vc_column][\/vc_row][vc_row][vc_column][\/vc_column][\/vc_row] 14.00 &#8211; 17.30 Uhr: Referat mit Elizabeth Zollinger Gespr\u00e4ch und Diskussion mit Liz Weir und Colum Sands Film und Bilder der Nordirlandreise 2016 im Kulturhaus Helferei in Z\u00fcrich, beim Grossm\u00fcnster 19.30 &#8211; 21.30 Uhr: Songs and Stories for Peace mit Liz Weir und Colum Sands im Saal des Zentrums Karl der Grosse in Z\u00fcrichRead more","og_url":"https:\/\/www.celticexperience.net\/de\/songs-and-stories-for-peace-und-geschichte-des-konflikts-und-friedensprozesses-in-nordirland-28-januar-2017\/","og_site_name":"Celtic Spirit","article_published_time":"2016-12-01T20:17:17+00:00","article_modified_time":"2017-03-02T10:20:03+00:00","og_image":[{"width":1000,"height":539,"url":"https:\/\/www.celticexperience.net\/de\/wp-content\/uploads\/2016\/05\/P1050102_3.jpg","type":"image\/jpeg"}],"twitter_card":"summary","twitter_misc":{"Verfasst von":"Elizabeth Zollinger"},"schema":{"@context":"https:\/\/schema.org","@graph":[{"@type":"WebSite","@id":"https:\/\/www.celticexperience.net\/de\/#website","url":"https:\/\/www.celticexperience.net\/de\/","name":"Celtic Spirit","description":"Irish Cultural Holidays","potentialAction":[{"@type":"SearchAction","target":{"@type":"EntryPoint","urlTemplate":"https:\/\/www.celticexperience.net\/de\/?s={search_term_string}"},"query-input":"required name=search_term_string"}],"inLanguage":"de"},{"@type":"ImageObject","@id":"https:\/\/www.celticexperience.net\/de\/songs-and-stories-for-peace-und-geschichte-des-konflikts-und-friedensprozesses-in-nordirland-28-januar-2017\/#primaryimage","inLanguage":"de","url":"https:\/\/www.celticexperience.net\/de\/wp-content\/uploads\/2016\/05\/P1050102_3.jpg","contentUrl":"https:\/\/www.celticexperience.net\/de\/wp-content\/uploads\/2016\/05\/P1050102_3.jpg","width":1000,"height":539,"caption":"Wandbild Belfast"},{"@type":"WebPage","@id":"https:\/\/www.celticexperience.net\/de\/songs-and-stories-for-peace-und-geschichte-des-konflikts-und-friedensprozesses-in-nordirland-28-januar-2017\/#webpage","url":"https:\/\/www.celticexperience.net\/de\/songs-and-stories-for-peace-und-geschichte-des-konflikts-und-friedensprozesses-in-nordirland-28-januar-2017\/","name":"SONGS AND STORIES FOR PEACE\/GESCHICHTE DES KONFLIKTS UND FRIEDENSPROZESSES IN NORDIRLAND: 28.1.2017 - Celtic Spirit","isPartOf":{"@id":"https:\/\/www.celticexperience.net\/de\/#website"},"primaryImageOfPage":{"@id":"https:\/\/www.celticexperience.net\/de\/songs-and-stories-for-peace-und-geschichte-des-konflikts-und-friedensprozesses-in-nordirland-28-januar-2017\/#primaryimage"},"datePublished":"2016-12-01T20:17:17+00:00","dateModified":"2017-03-02T10:20:03+00:00","author":{"@id":"https:\/\/www.celticexperience.net\/de\/#\/schema\/person\/3e8afd2d8695f6487d0682ec7b7c4497"},"breadcrumb":{"@id":"https:\/\/www.celticexperience.net\/de\/songs-and-stories-for-peace-und-geschichte-des-konflikts-und-friedensprozesses-in-nordirland-28-januar-2017\/#breadcrumb"},"inLanguage":"de","potentialAction":[{"@type":"ReadAction","target":["https:\/\/www.celticexperience.net\/de\/songs-and-stories-for-peace-und-geschichte-des-konflikts-und-friedensprozesses-in-nordirland-28-januar-2017\/"]}]},{"@type":"BreadcrumbList","@id":"https:\/\/www.celticexperience.net\/de\/songs-and-stories-for-peace-und-geschichte-des-konflikts-und-friedensprozesses-in-nordirland-28-januar-2017\/#breadcrumb","itemListElement":[{"@type":"ListItem","position":1,"name":"Home","item":"https:\/\/www.celticexperience.net\/de\/"},{"@type":"ListItem","position":2,"name":"SONGS AND STORIES FOR PEACE\/GESCHICHTE DES KONFLIKTS UND FRIEDENSPROZESSES IN NORDIRLAND: 28.1.2017"}]},{"@type":"Person","@id":"https:\/\/www.celticexperience.net\/de\/#\/schema\/person\/3e8afd2d8695f6487d0682ec7b7c4497","name":"Elizabeth Zollinger","image":{"@type":"ImageObject","@id":"https:\/\/www.celticexperience.net\/de\/#personlogo","inLanguage":"de","url":"https:\/\/secure.gravatar.com\/avatar\/1cf6045a7b1a4d89403e28c7b632558d?s=96&d=mm&r=g","contentUrl":"https:\/\/secure.gravatar.com\/avatar\/1cf6045a7b1a4d89403e28c7b632558d?s=96&d=mm&r=g","caption":"Elizabeth Zollinger"},"url":"https:\/\/www.celticexperience.net\/de\/author\/zersp\/"}]}},"_links":{"self":[{"href":"https:\/\/www.celticexperience.net\/de\/wp-json\/wp\/v2\/posts\/1486"}],"collection":[{"href":"https:\/\/www.celticexperience.net\/de\/wp-json\/wp\/v2\/posts"}],"about":[{"href":"https:\/\/www.celticexperience.net\/de\/wp-json\/wp\/v2\/types\/post"}],"author":[{"embeddable":true,"href":"https:\/\/www.celticexperience.net\/de\/wp-json\/wp\/v2\/users\/4"}],"replies":[{"embeddable":true,"href":"https:\/\/www.celticexperience.net\/de\/wp-json\/wp\/v2\/comments?post=1486"}],"version-history":[{"count":7,"href":"https:\/\/www.celticexperience.net\/de\/wp-json\/wp\/v2\/posts\/1486\/revisions"}],"predecessor-version":[{"id":1500,"href":"https:\/\/www.celticexperience.net\/de\/wp-json\/wp\/v2\/posts\/1486\/revisions\/1500"}],"wp:featuredmedia":[{"embeddable":true,"href":"https:\/\/www.celticexperience.net\/de\/wp-json\/wp\/v2\/media\/1432"}],"wp:attachment":[{"href":"https:\/\/www.celticexperience.net\/de\/wp-json\/wp\/v2\/media?parent=1486"}],"wp:term":[{"taxonomy":"category","embeddable":true,"href":"https:\/\/www.celticexperience.net\/de\/wp-json\/wp\/v2\/categories?post=1486"},{"taxonomy":"post_tag","embeddable":true,"href":"https:\/\/www.celticexperience.net\/de\/wp-json\/wp\/v2\/tags?post=1486"}],"curies":[{"name":"wp","href":"https:\/\/api.w.org\/{rel}","templated":true}]}}